{"id":35506,"date":"2025-01-29T15:16:51","date_gmt":"2025-01-29T18:16:51","guid":{"rendered":"https:\/\/obstetricia.uv.cl\/inicio\/?p=35506"},"modified":"2025-01-29T15:16:55","modified_gmt":"2025-01-29T18:16:55","slug":"xi-jornada-de-buenas-practicas-pedagogicas-y-desarrollo-curricular","status":"publish","type":"post","link":"https:\/\/obstetricia.uv.cl\/inicio\/index.php\/2025\/01\/29\/xi-jornada-de-buenas-practicas-pedagogicas-y-desarrollo-curricular\/","title":{"rendered":"XI Jornada de Buenas Pr\u00e1cticas Pedag\u00f3gicas y Desarrollo Curricular"},"content":{"rendered":"\n<p>La Escuela de Obstetricia y Puericultura de la Universidad de Valpara\u00edso particip\u00f3 en las XI Jornadas de Buenas Pr\u00e1cticas Pedag\u00f3gicas y Desarrollo Curricular, presentando dos proyectos que reflejan su compromiso con la mejora continua de la formaci\u00f3n acad\u00e9mica y el acompa\u00f1amiento estudiantil.<\/p>\n\n\n\n<p>El proyecto <strong>\u00abOrientaciones de Acompa\u00f1amiento de Pr\u00e1cticas Cl\u00ednicas de Estudiantes de Obstetricia y Puericultura con Tutor Cl\u00ednico en Centros de APS\u00bb<\/strong>, liderado por la profesora Andrea Vera, fue seleccionado para su inclusi\u00f3n en el libro oficial de la jornada.<\/p>\n\n\n\n<p>Por su parte, el proyecto <strong>\u00abAjustes Razonables: Una Ventana para la Inclusi\u00f3n\u00bb<\/strong>, dirigido por la profesora Alejandra Mu\u00f1oz, adem\u00e1s de ser publicado en el libro de la actividad, fue seleccionado para su presentaci\u00f3n oral durante el evento.<\/p>\n\n\n\n<p>Ambas iniciativas forman parte del trabajo constante del equipo docente para fortalecer los procesos acad\u00e9micos y el acompa\u00f1amiento de los estudiantes, promoviendo una educaci\u00f3n inclusiva y de calidad.<\/p>\n\n\n\n<p><\/p>\n","protected":false},"excerpt":{"rendered":"<p>La Escuela de Obstetricia y Puericultura de la Universidad de Valpara\u00edso particip\u00f3 en las XI Jornadas de Buenas Pr\u00e1cticas Pedag\u00f3gicas y Desarrollo Curricular, presentando dos proyectos que reflejan su compromiso con la mejora continua de la formaci\u00f3n acad\u00e9mica y el acompa\u00f1amiento estudiantil. El proyecto \u00abOrientaciones de Acompa\u00f1amiento de Pr\u00e1cticas Cl\u00ednicas de Estudiantes de Obstetricia y [&hellip;]<\/p>\n","protected":false},"author":11,"featured_media":35507,"comment_status":"open","ping_status":"open","sticky":false,"template":"","format":"standard","meta":{"footnotes":""},"categories":[264,278,5,279,23],"tags":[44,106],"class_list":["post-35506","post","type-post","status-publish","format-standard","has-post-thumbnail","hentry","category-264","category-278","category-actividades","category-pregrado","category-valparaiso","tag-educacion","tag-vinculacion"],"_links":{"self":[{"href":"https:\/\/obstetricia.uv.cl\/inicio\/index.php\/wp-json\/wp\/v2\/posts\/35506","targetHints":{"allow":["GET"]}}],"collection":[{"href":"https:\/\/obstetricia.uv.cl\/inicio\/index.php\/wp-json\/wp\/v2\/posts"}],"about":[{"href":"https:\/\/obstetricia.uv.cl\/inicio\/index.php\/wp-json\/wp\/v2\/types\/post"}],"author":[{"embeddable":true,"href":"https:\/\/obstetricia.uv.cl\/inicio\/index.php\/wp-json\/wp\/v2\/users\/11"}],"replies":[{"embeddable":true,"href":"https:\/\/obstetricia.uv.cl\/inicio\/index.php\/wp-json\/wp\/v2\/comments?post=35506"}],"version-history":[{"count":1,"href":"https:\/\/obstetricia.uv.cl\/inicio\/index.php\/wp-json\/wp\/v2\/posts\/35506\/revisions"}],"predecessor-version":[{"id":35508,"href":"https:\/\/obstetricia.uv.cl\/inicio\/index.php\/wp-json\/wp\/v2\/posts\/35506\/revisions\/35508"}],"wp:featuredmedia":[{"embeddable":true,"href":"https:\/\/obstetricia.uv.cl\/inicio\/index.php\/wp-json\/wp\/v2\/media\/35507"}],"wp:attachment":[{"href":"https:\/\/obstetricia.uv.cl\/inicio\/index.php\/wp-json\/wp\/v2\/media?parent=35506"}],"wp:term":[{"taxonomy":"category","embeddable":true,"href":"https:\/\/obstetricia.uv.cl\/inicio\/index.php\/wp-json\/wp\/v2\/categories?post=35506"},{"taxonomy":"post_tag","embeddable":true,"href":"https:\/\/obstetricia.uv.cl\/inicio\/index.php\/wp-json\/wp\/v2\/tags?post=35506"}],"curies":[{"name":"wp","href":"https:\/\/api.w.org\/{rel}","templated":true}]}}