{"id":79,"date":"2016-04-22T15:20:53","date_gmt":"2016-04-22T15:20:53","guid":{"rendered":"https:\/\/obstetricia.uv.cl\/inicio\/?p=79"},"modified":"2016-09-24T12:17:49","modified_gmt":"2016-09-24T16:17:49","slug":"estrechando-las-distancias-y-potenciando-el-aprendizaje-de-los-estudiantes-a-traves-del-uso-del-streaming-con-la-docente-mariana-arancibia","status":"publish","type":"post","link":"https:\/\/obstetricia.uv.cl\/inicio\/index.php\/2016\/04\/22\/estrechando-las-distancias-y-potenciando-el-aprendizaje-de-los-estudiantes-a-traves-del-uso-del-streaming-con-la-docente-mariana-arancibia\/","title":{"rendered":"Estrechando las distancias y potenciando el aprendizaje de los estudiantes"},"content":{"rendered":"<p>Le invitamos a revisar el cuarto bolet\u00edn del proyecto UVA 1407 \/ CreaTIC \u00abFortaleciendo la acci\u00f3n docente a trav\u00e9s de las TIC\u00bb<\/p>\n<p>En esta edici\u00f3n entrevista \u00ab<strong>Estrechando las distancias y potenciando el aprendizaje de los estudiantes\u00bb<\/strong>\u00a0a trav\u00e9s del uso del streaming, con la docente\u00a0<strong>Mariana Arancibia<\/strong>. As\u00ed tambi\u00e9n el modelo de gesti\u00f3n acad\u00e9mica desarrollado por el equipo CreaTIC fue socializado, a nivel de asistencia t\u00e9cnica, con el experto doctor\u00a0<strong>Julio Cabero Almenara,<\/strong>\u00a0quien realiza un an\u00e1lisis a la propuesta metodol\u00f3gica; En este mismo sentido, de validaci\u00f3n del dise\u00f1o de estrategias, el equipo presenta ponencia en la\u00a0<strong>XXI versi\u00f3n del congreso Tic, Educaci\u00f3n Y Sociedad\u00bb Teledu<\/strong>\u00a0celebrado en Medell\u00edn, Colombia. Finalmente dejamos la invitaci\u00f3n a participar de la\u00a0<strong>primera jornada TIC<\/strong>, en que expondremos los alcances y proyecciones del convenio de desempe\u00f1o UVA1407\/Creatic, en su primer a\u00f1o de gesti\u00f3n, as\u00ed como la visita de expertos, desarrollo de talleres y otras sorpresas. Los esperamos este 20 y 21 de Enero 2016!<\/p>\n<p>&nbsp;<\/p>\n<p><strong><a href=\"http:\/\/obstetricia.uv.cl\/images\/noticias\/2015\/diciembre\/boletin_OK72.pdf\" target=\"_blank\">Descargar Publicaci\u00f3n<\/a><\/strong><\/p>\n","protected":false},"excerpt":{"rendered":"<p>Le invitamos a revisar el cuarto bolet\u00edn del proyecto UVA 1407 \/ CreaTIC \u00abFortaleciendo la acci\u00f3n docente a trav\u00e9s de las TIC\u00bb En esta edici\u00f3n entrevista \u00abEstrechando las distancias y potenciando el aprendizaje de los estudiantes\u00bb\u00a0a trav\u00e9s del uso del streaming, con la docente\u00a0Mariana Arancibia. As\u00ed tambi\u00e9n el modelo de gesti\u00f3n acad\u00e9mica desarrollado por el [&hellip;]<\/p>\n","protected":false},"author":2,"featured_media":80,"comment_status":"open","ping_status":"open","sticky":false,"template":"","format":"standard","meta":{"footnotes":""},"categories":[6,5],"tags":[],"class_list":["post-79","post","type-post","status-publish","format-standard","has-post-thumbnail","hentry","category-6","category-actividades"],"_links":{"self":[{"href":"https:\/\/obstetricia.uv.cl\/inicio\/index.php\/wp-json\/wp\/v2\/posts\/79","targetHints":{"allow":["GET"]}}],"collection":[{"href":"https:\/\/obstetricia.uv.cl\/inicio\/index.php\/wp-json\/wp\/v2\/posts"}],"about":[{"href":"https:\/\/obstetricia.uv.cl\/inicio\/index.php\/wp-json\/wp\/v2\/types\/post"}],"author":[{"embeddable":true,"href":"https:\/\/obstetricia.uv.cl\/inicio\/index.php\/wp-json\/wp\/v2\/users\/2"}],"replies":[{"embeddable":true,"href":"https:\/\/obstetricia.uv.cl\/inicio\/index.php\/wp-json\/wp\/v2\/comments?post=79"}],"version-history":[{"count":0,"href":"https:\/\/obstetricia.uv.cl\/inicio\/index.php\/wp-json\/wp\/v2\/posts\/79\/revisions"}],"wp:featuredmedia":[{"embeddable":true,"href":"https:\/\/obstetricia.uv.cl\/inicio\/index.php\/wp-json\/wp\/v2\/media\/80"}],"wp:attachment":[{"href":"https:\/\/obstetricia.uv.cl\/inicio\/index.php\/wp-json\/wp\/v2\/media?parent=79"}],"wp:term":[{"taxonomy":"category","embeddable":true,"href":"https:\/\/obstetricia.uv.cl\/inicio\/index.php\/wp-json\/wp\/v2\/categories?post=79"},{"taxonomy":"post_tag","embeddable":true,"href":"https:\/\/obstetricia.uv.cl\/inicio\/index.php\/wp-json\/wp\/v2\/tags?post=79"}],"curies":[{"name":"wp","href":"https:\/\/api.w.org\/{rel}","templated":true}]}}