{"id":88,"date":"2016-04-22T18:36:19","date_gmt":"2016-04-22T18:36:19","guid":{"rendered":"https:\/\/obstetricia.uv.cl\/inicio\/?p=88"},"modified":"2016-09-24T12:17:30","modified_gmt":"2016-09-24T16:17:30","slug":"ceremonia-de-investidura-2016","status":"publish","type":"post","link":"https:\/\/obstetricia.uv.cl\/inicio\/index.php\/2016\/04\/22\/ceremonia-de-investidura-2016\/","title":{"rendered":"Ceremonia de Investidura 2016 Valpara\u00edso"},"content":{"rendered":"<p>[et_pb_section admin_label=\u00bbsection\u00bb][et_pb_row admin_label=\u00bbrow\u00bb][et_pb_column type=\u00bb4_4&#8243;][et_pb_text admin_label=\u00bbTexto\u00bb background_layout=\u00bblight\u00bb text_orientation=\u00bbjustified\u00bb use_border_color=\u00bboff\u00bb border_color=\u00bb#ffffff\u00bb border_style=\u00bbsolid\u00bb]<\/p>\n<p>En las pr\u00f3ximas semanas 88 de nuestros estudiantes comenzar\u00e1n sus pasant\u00edas oficiales en distintos centros asistenciales y hospitalarios de la regi\u00f3n, quienes recibieron este Viernes 1 de Abril, el tradicional delantal rojo y blanco, el cual les fue entregado durante la tradicional ceremonia de investidura que se realiz\u00f3 en el aula magna de nuestra casa de estudios.<\/p>\n<p>La ceremonia, encabezada por la directora de la escuela, Mariana Arancibia,<\/p>\n<p>La investidura, es un hito importante para la Escuela de Obstetricia y Puericultura, ya que representa la responsabilidad que asumen los estudiantes al comenzar a trabajar con pacientes.<\/p>\n<p>[\/et_pb_text][et_pb_gallery admin_label=\u00bbGaler\u00eda\u00bb fullwidth=\u00bboff\u00bb posts_number=\u00bb12&#8243; show_title_and_caption=\u00bboff\u00bb show_pagination=\u00bbon\u00bb background_layout=\u00bblight\u00bb auto=\u00bboff\u00bb hover_overlay_color=\u00bbrgba(255,255,255,0.9)\u00bb caption_all_caps=\u00bboff\u00bb use_border_color=\u00bboff\u00bb border_color=\u00bb#ffffff\u00bb border_style=\u00bbsolid\u00bb gallery_ids=\u00bb89,90,91,92,93,94,95,96,97,98,99,100,101,102,103,104,105,106,107,108,109,110,111,112,113,114,115,116,117,118,119,120,121,122,123,124,125,126,127,128,129,130,131,132,133,134,135,136,24728,24729,24730,24731,24732,24733,24734,24735,24736,24737,24738,24739,24740,24741,24743,24744,24745,24746,24747,24748,24749,24750,24751,24752,24753,24754,24755,24756,24757,24758,24759,24760,24761,24762,24763,24764,24765,24766,24767,24768,24769,24770,24771,24772,24773,24774,24775,24776,24777,24778,24779,24780,24781,24782,24783,24784,24785,24786,24787,24788,24789&#8243;] [\/et_pb_gallery][\/et_pb_column][\/et_pb_row][\/et_pb_section]<\/p>\n","protected":false},"excerpt":{"rendered":"<p>[et_pb_section admin_label=\u00bbsection\u00bb][et_pb_row admin_label=\u00bbrow\u00bb][et_pb_column type=\u00bb4_4&#8243;][et_pb_text admin_label=\u00bbTexto\u00bb background_layout=\u00bblight\u00bb text_orientation=\u00bbjustified\u00bb use_border_color=\u00bboff\u00bb border_color=\u00bb#ffffff\u00bb border_style=\u00bbsolid\u00bb] En las pr\u00f3ximas semanas 88 de nuestros estudiantes comenzar\u00e1n sus pasant\u00edas oficiales en distintos centros asistenciales y hospitalarios de la regi\u00f3n, quienes recibieron este Viernes 1 de Abril, el tradicional delantal rojo y blanco, el cual les fue entregado durante la tradicional ceremonia de investidura [&hellip;]<\/p>\n","protected":false},"author":2,"featured_media":24779,"comment_status":"open","ping_status":"open","sticky":false,"template":"","format":"standard","meta":{"footnotes":""},"categories":[6,5,4,23],"tags":[7],"class_list":["post-88","post","type-post","status-publish","format-standard","has-post-thumbnail","hentry","category-6","category-actividades","category-portada","category-valparaiso","tag-7"],"_links":{"self":[{"href":"https:\/\/obstetricia.uv.cl\/inicio\/index.php\/wp-json\/wp\/v2\/posts\/88","targetHints":{"allow":["GET"]}}],"collection":[{"href":"https:\/\/obstetricia.uv.cl\/inicio\/index.php\/wp-json\/wp\/v2\/posts"}],"about":[{"href":"https:\/\/obstetricia.uv.cl\/inicio\/index.php\/wp-json\/wp\/v2\/types\/post"}],"author":[{"embeddable":true,"href":"https:\/\/obstetricia.uv.cl\/inicio\/index.php\/wp-json\/wp\/v2\/users\/2"}],"replies":[{"embeddable":true,"href":"https:\/\/obstetricia.uv.cl\/inicio\/index.php\/wp-json\/wp\/v2\/comments?post=88"}],"version-history":[{"count":0,"href":"https:\/\/obstetricia.uv.cl\/inicio\/index.php\/wp-json\/wp\/v2\/posts\/88\/revisions"}],"wp:featuredmedia":[{"embeddable":true,"href":"https:\/\/obstetricia.uv.cl\/inicio\/index.php\/wp-json\/wp\/v2\/media\/24779"}],"wp:attachment":[{"href":"https:\/\/obstetricia.uv.cl\/inicio\/index.php\/wp-json\/wp\/v2\/media?parent=88"}],"wp:term":[{"taxonomy":"category","embeddable":true,"href":"https:\/\/obstetricia.uv.cl\/inicio\/index.php\/wp-json\/wp\/v2\/categories?post=88"},{"taxonomy":"post_tag","embeddable":true,"href":"https:\/\/obstetricia.uv.cl\/inicio\/index.php\/wp-json\/wp\/v2\/tags?post=88"}],"curies":[{"name":"wp","href":"https:\/\/api.w.org\/{rel}","templated":true}]}}